{"id":2389,"date":"2021-12-21T09:26:17","date_gmt":"2021-12-21T08:26:17","guid":{"rendered":"https:\/\/eshop.ekoteplo.sk\/acond-nejtissi-tepelne-cerpadlo-na-slovenskem-trhu\/"},"modified":"2023-11-07T08:44:24","modified_gmt":"2023-11-07T07:44:24","slug":"acond-nejtissi-tepelne-cerpadlo-na-slovenskem-trhu","status":"publish","type":"post","link":"https:\/\/eshop.ekoteplo.sk\/cs\/acond-nejtissi-tepelne-cerpadlo-na-slovenskem-trhu\/","title":{"rendered":"Acond nejti\u0161\u0161\u00ed tepeln\u00e9 \u010derpadlo na slovensk\u00e9m trhu"},"content":{"rendered":"\n<div class=\"row\"  id=\"row-1430732350\">\n\n\n\t<div id=\"col-2139439415\" class=\"col small-12 large-12\"  >\n\t\t\t\t<div class=\"col-inner\"  >\n\t\t\t\n\t\t\t\n\n<div class=\"video video-fit mb\" style=\"padding-top:56.25%;\"><iframe loading=\"lazy\" title=\"Acond najtichs\u030cie tepeln\u00e9 \u010derpadlo na slovenskom trhu.\" width=\"1020\" height=\"574\" src=\"https:\/\/www.youtube.com\/embed\/q-jWB7uIFaU?feature=oembed\" frameborder=\"0\" allow=\"accelerometer; autoplay; clipboard-write; encrypted-media; gyroscope; picture-in-picture; web-share\" allowfullscreen><\/iframe><\/div>\n\n\n\t\t<\/div>\n\t\t\t\t\t<\/div>\n\n\t\n\n<\/div>\n","protected":false},"excerpt":{"rendered":"","protected":false},"author":1,"featured_media":1793,"comment_status":"open","ping_status":"open","sticky":false,"template":"","format":"standard","meta":{"_acf_changed":false,"footnotes":""},"categories":[63],"tags":[],"class_list":["post-2389","post","type-post","status-publish","format-standard","has-post-thumbnail","hentry","category-uncategorized-cs"],"acf":[],"yoast_head":"<!-- This site is optimized with the Yoast SEO plugin v27.3 - https:\/\/yoast.com\/product\/yoast-seo-wordpress\/ -->\n<title>Acond nejti\u0161\u0161\u00ed tepeln\u00e9 \u010derpadlo na slovensk\u00e9m trhu - Eshop Ekoteplo<\/title>\n<meta name=\"robots\" content=\"index, follow, max-snippet:-1, max-image-preview:large, max-video-preview:-1\" \/>\n<link rel=\"canonical\" href=\"https:\/\/eshop.ekoteplo.sk\/cs\/acond-nejtissi-tepelne-cerpadlo-na-slovenskem-trhu\/\" \/>\n<meta property=\"og:locale\" content=\"cs_CZ\" \/>\n<meta property=\"og:type\" content=\"article\" \/>\n<meta property=\"og:title\" content=\"Acond nejti\u0161\u0161\u00ed tepeln\u00e9 \u010derpadlo na slovensk\u00e9m trhu - Eshop Ekoteplo\" \/>\n<meta property=\"og:url\" content=\"https:\/\/eshop.ekoteplo.sk\/cs\/acond-nejtissi-tepelne-cerpadlo-na-slovenskem-trhu\/\" \/>\n<meta property=\"og:site_name\" content=\"Eshop Ekoteplo\" \/>\n<meta property=\"article:published_time\" content=\"2021-12-21T08:26:17+00:00\" \/>\n<meta property=\"article:modified_time\" content=\"2023-11-07T07:44:24+00:00\" \/>\n<meta property=\"og:image\" content=\"https:\/\/eshop.ekoteplo.sk\/wp-content\/uploads\/najtichsie-tepelne-cerpadla-blog.jpg\" \/>\n\t<meta property=\"og:image:width\" content=\"1500\" \/>\n\t<meta property=\"og:image:height\" content=\"1000\" \/>\n\t<meta property=\"og:image:type\" content=\"image\/jpeg\" \/>\n<meta name=\"author\" content=\"admin\" \/>\n<meta name=\"twitter:card\" content=\"summary_large_image\" \/>\n<meta name=\"twitter:label1\" content=\"Napsal(a)\" \/>\n\t<meta name=\"twitter:data1\" content=\"admin\" \/>\n<script type=\"application\/ld+json\" class=\"yoast-schema-graph\">{\"@context\":\"https:\\\/\\\/schema.org\",\"@graph\":[{\"@type\":\"Article\",\"@id\":\"https:\\\/\\\/eshop.ekoteplo.sk\\\/cs\\\/acond-nejtissi-tepelne-cerpadlo-na-slovenskem-trhu\\\/#article\",\"isPartOf\":{\"@id\":\"https:\\\/\\\/eshop.ekoteplo.sk\\\/cs\\\/acond-nejtissi-tepelne-cerpadlo-na-slovenskem-trhu\\\/\"},\"author\":{\"name\":\"admin\",\"@id\":\"https:\\\/\\\/eshop.ekoteplo.sk\\\/cs\\\/#\\\/schema\\\/person\\\/ab907d50879f03d557449ab197a38ada\"},\"headline\":\"Acond nejti\u0161\u0161\u00ed tepeln\u00e9 \u010derpadlo na slovensk\u00e9m trhu\",\"datePublished\":\"2021-12-21T08:26:17+00:00\",\"dateModified\":\"2023-11-07T07:44:24+00:00\",\"mainEntityOfPage\":{\"@id\":\"https:\\\/\\\/eshop.ekoteplo.sk\\\/cs\\\/acond-nejtissi-tepelne-cerpadlo-na-slovenskem-trhu\\\/\"},\"wordCount\":22,\"commentCount\":0,\"image\":{\"@id\":\"https:\\\/\\\/eshop.ekoteplo.sk\\\/cs\\\/acond-nejtissi-tepelne-cerpadlo-na-slovenskem-trhu\\\/#primaryimage\"},\"thumbnailUrl\":\"https:\\\/\\\/eshop.ekoteplo.sk\\\/wp-content\\\/uploads\\\/najtichsie-tepelne-cerpadla-blog.jpg\",\"articleSection\":[\"Uncategorized @cs\"],\"inLanguage\":\"cs\",\"potentialAction\":[{\"@type\":\"CommentAction\",\"name\":\"Comment\",\"target\":[\"https:\\\/\\\/eshop.ekoteplo.sk\\\/cs\\\/acond-nejtissi-tepelne-cerpadlo-na-slovenskem-trhu\\\/#respond\"]}]},{\"@type\":\"WebPage\",\"@id\":\"https:\\\/\\\/eshop.ekoteplo.sk\\\/cs\\\/acond-nejtissi-tepelne-cerpadlo-na-slovenskem-trhu\\\/\",\"url\":\"https:\\\/\\\/eshop.ekoteplo.sk\\\/cs\\\/acond-nejtissi-tepelne-cerpadlo-na-slovenskem-trhu\\\/\",\"name\":\"Acond nejti\u0161\u0161\u00ed tepeln\u00e9 \u010derpadlo na slovensk\u00e9m trhu - Eshop Ekoteplo\",\"isPartOf\":{\"@id\":\"https:\\\/\\\/eshop.ekoteplo.sk\\\/cs\\\/#website\"},\"primaryImageOfPage\":{\"@id\":\"https:\\\/\\\/eshop.ekoteplo.sk\\\/cs\\\/acond-nejtissi-tepelne-cerpadlo-na-slovenskem-trhu\\\/#primaryimage\"},\"image\":{\"@id\":\"https:\\\/\\\/eshop.ekoteplo.sk\\\/cs\\\/acond-nejtissi-tepelne-cerpadlo-na-slovenskem-trhu\\\/#primaryimage\"},\"thumbnailUrl\":\"https:\\\/\\\/eshop.ekoteplo.sk\\\/wp-content\\\/uploads\\\/najtichsie-tepelne-cerpadla-blog.jpg\",\"datePublished\":\"2021-12-21T08:26:17+00:00\",\"dateModified\":\"2023-11-07T07:44:24+00:00\",\"author\":{\"@id\":\"https:\\\/\\\/eshop.ekoteplo.sk\\\/cs\\\/#\\\/schema\\\/person\\\/ab907d50879f03d557449ab197a38ada\"},\"breadcrumb\":{\"@id\":\"https:\\\/\\\/eshop.ekoteplo.sk\\\/cs\\\/acond-nejtissi-tepelne-cerpadlo-na-slovenskem-trhu\\\/#breadcrumb\"},\"inLanguage\":\"cs\",\"potentialAction\":[{\"@type\":\"ReadAction\",\"target\":[\"https:\\\/\\\/eshop.ekoteplo.sk\\\/cs\\\/acond-nejtissi-tepelne-cerpadlo-na-slovenskem-trhu\\\/\"]}]},{\"@type\":\"ImageObject\",\"inLanguage\":\"cs\",\"@id\":\"https:\\\/\\\/eshop.ekoteplo.sk\\\/cs\\\/acond-nejtissi-tepelne-cerpadlo-na-slovenskem-trhu\\\/#primaryimage\",\"url\":\"https:\\\/\\\/eshop.ekoteplo.sk\\\/wp-content\\\/uploads\\\/najtichsie-tepelne-cerpadla-blog.jpg\",\"contentUrl\":\"https:\\\/\\\/eshop.ekoteplo.sk\\\/wp-content\\\/uploads\\\/najtichsie-tepelne-cerpadla-blog.jpg\",\"width\":1500,\"height\":1000},{\"@type\":\"BreadcrumbList\",\"@id\":\"https:\\\/\\\/eshop.ekoteplo.sk\\\/cs\\\/acond-nejtissi-tepelne-cerpadlo-na-slovenskem-trhu\\\/#breadcrumb\",\"itemListElement\":[{\"@type\":\"ListItem\",\"position\":1,\"name\":\"Home\",\"item\":\"https:\\\/\\\/eshop.ekoteplo.sk\\\/cs\\\/\"},{\"@type\":\"ListItem\",\"position\":2,\"name\":\"Acond nejti\u0161\u0161\u00ed tepeln\u00e9 \u010derpadlo na slovensk\u00e9m trhu\"}]},{\"@type\":\"WebSite\",\"@id\":\"https:\\\/\\\/eshop.ekoteplo.sk\\\/cs\\\/#website\",\"url\":\"https:\\\/\\\/eshop.ekoteplo.sk\\\/cs\\\/\",\"name\":\"Eshop Ekoteplo\",\"description\":\"Teplo, ktor\u00e9 \u0161etr\u00ed \u017eivotn\u00e9 prostredie aj va\u0161u pe\u0148a\u017eenku\",\"potentialAction\":[{\"@type\":\"SearchAction\",\"target\":{\"@type\":\"EntryPoint\",\"urlTemplate\":\"https:\\\/\\\/eshop.ekoteplo.sk\\\/cs\\\/?s={search_term_string}\"},\"query-input\":{\"@type\":\"PropertyValueSpecification\",\"valueRequired\":true,\"valueName\":\"search_term_string\"}}],\"inLanguage\":\"cs\"},{\"@type\":\"Person\",\"@id\":\"https:\\\/\\\/eshop.ekoteplo.sk\\\/cs\\\/#\\\/schema\\\/person\\\/ab907d50879f03d557449ab197a38ada\",\"name\":\"admin\",\"image\":{\"@type\":\"ImageObject\",\"inLanguage\":\"cs\",\"@id\":\"https:\\\/\\\/secure.gravatar.com\\\/avatar\\\/65f2c3a7a003521cded3b9febc6f07578bf8c0745c7edea0b3031d0c3f0305e9?s=96&d=mm&r=g\",\"url\":\"https:\\\/\\\/secure.gravatar.com\\\/avatar\\\/65f2c3a7a003521cded3b9febc6f07578bf8c0745c7edea0b3031d0c3f0305e9?s=96&d=mm&r=g\",\"contentUrl\":\"https:\\\/\\\/secure.gravatar.com\\\/avatar\\\/65f2c3a7a003521cded3b9febc6f07578bf8c0745c7edea0b3031d0c3f0305e9?s=96&d=mm&r=g\",\"caption\":\"admin\"},\"url\":\"https:\\\/\\\/eshop.ekoteplo.sk\\\/cs\\\/author\\\/admin\\\/\"}]}<\/script>\n<!-- \/ Yoast SEO plugin. -->","yoast_head_json":{"title":"Acond nejti\u0161\u0161\u00ed tepeln\u00e9 \u010derpadlo na slovensk\u00e9m trhu - Eshop Ekoteplo","robots":{"index":"index","follow":"follow","max-snippet":"max-snippet:-1","max-image-preview":"max-image-preview:large","max-video-preview":"max-video-preview:-1"},"canonical":"https:\/\/eshop.ekoteplo.sk\/cs\/acond-nejtissi-tepelne-cerpadlo-na-slovenskem-trhu\/","og_locale":"cs_CZ","og_type":"article","og_title":"Acond nejti\u0161\u0161\u00ed tepeln\u00e9 \u010derpadlo na slovensk\u00e9m trhu - Eshop Ekoteplo","og_url":"https:\/\/eshop.ekoteplo.sk\/cs\/acond-nejtissi-tepelne-cerpadlo-na-slovenskem-trhu\/","og_site_name":"Eshop Ekoteplo","article_published_time":"2021-12-21T08:26:17+00:00","article_modified_time":"2023-11-07T07:44:24+00:00","og_image":[{"width":1500,"height":1000,"url":"https:\/\/eshop.ekoteplo.sk\/wp-content\/uploads\/najtichsie-tepelne-cerpadla-blog.jpg","type":"image\/jpeg"}],"author":"admin","twitter_card":"summary_large_image","twitter_misc":{"Napsal(a)":"admin"},"schema":{"@context":"https:\/\/schema.org","@graph":[{"@type":"Article","@id":"https:\/\/eshop.ekoteplo.sk\/cs\/acond-nejtissi-tepelne-cerpadlo-na-slovenskem-trhu\/#article","isPartOf":{"@id":"https:\/\/eshop.ekoteplo.sk\/cs\/acond-nejtissi-tepelne-cerpadlo-na-slovenskem-trhu\/"},"author":{"name":"admin","@id":"https:\/\/eshop.ekoteplo.sk\/cs\/#\/schema\/person\/ab907d50879f03d557449ab197a38ada"},"headline":"Acond nejti\u0161\u0161\u00ed tepeln\u00e9 \u010derpadlo na slovensk\u00e9m trhu","datePublished":"2021-12-21T08:26:17+00:00","dateModified":"2023-11-07T07:44:24+00:00","mainEntityOfPage":{"@id":"https:\/\/eshop.ekoteplo.sk\/cs\/acond-nejtissi-tepelne-cerpadlo-na-slovenskem-trhu\/"},"wordCount":22,"commentCount":0,"image":{"@id":"https:\/\/eshop.ekoteplo.sk\/cs\/acond-nejtissi-tepelne-cerpadlo-na-slovenskem-trhu\/#primaryimage"},"thumbnailUrl":"https:\/\/eshop.ekoteplo.sk\/wp-content\/uploads\/najtichsie-tepelne-cerpadla-blog.jpg","articleSection":["Uncategorized @cs"],"inLanguage":"cs","potentialAction":[{"@type":"CommentAction","name":"Comment","target":["https:\/\/eshop.ekoteplo.sk\/cs\/acond-nejtissi-tepelne-cerpadlo-na-slovenskem-trhu\/#respond"]}]},{"@type":"WebPage","@id":"https:\/\/eshop.ekoteplo.sk\/cs\/acond-nejtissi-tepelne-cerpadlo-na-slovenskem-trhu\/","url":"https:\/\/eshop.ekoteplo.sk\/cs\/acond-nejtissi-tepelne-cerpadlo-na-slovenskem-trhu\/","name":"Acond nejti\u0161\u0161\u00ed tepeln\u00e9 \u010derpadlo na slovensk\u00e9m trhu - Eshop Ekoteplo","isPartOf":{"@id":"https:\/\/eshop.ekoteplo.sk\/cs\/#website"},"primaryImageOfPage":{"@id":"https:\/\/eshop.ekoteplo.sk\/cs\/acond-nejtissi-tepelne-cerpadlo-na-slovenskem-trhu\/#primaryimage"},"image":{"@id":"https:\/\/eshop.ekoteplo.sk\/cs\/acond-nejtissi-tepelne-cerpadlo-na-slovenskem-trhu\/#primaryimage"},"thumbnailUrl":"https:\/\/eshop.ekoteplo.sk\/wp-content\/uploads\/najtichsie-tepelne-cerpadla-blog.jpg","datePublished":"2021-12-21T08:26:17+00:00","dateModified":"2023-11-07T07:44:24+00:00","author":{"@id":"https:\/\/eshop.ekoteplo.sk\/cs\/#\/schema\/person\/ab907d50879f03d557449ab197a38ada"},"breadcrumb":{"@id":"https:\/\/eshop.ekoteplo.sk\/cs\/acond-nejtissi-tepelne-cerpadlo-na-slovenskem-trhu\/#breadcrumb"},"inLanguage":"cs","potentialAction":[{"@type":"ReadAction","target":["https:\/\/eshop.ekoteplo.sk\/cs\/acond-nejtissi-tepelne-cerpadlo-na-slovenskem-trhu\/"]}]},{"@type":"ImageObject","inLanguage":"cs","@id":"https:\/\/eshop.ekoteplo.sk\/cs\/acond-nejtissi-tepelne-cerpadlo-na-slovenskem-trhu\/#primaryimage","url":"https:\/\/eshop.ekoteplo.sk\/wp-content\/uploads\/najtichsie-tepelne-cerpadla-blog.jpg","contentUrl":"https:\/\/eshop.ekoteplo.sk\/wp-content\/uploads\/najtichsie-tepelne-cerpadla-blog.jpg","width":1500,"height":1000},{"@type":"BreadcrumbList","@id":"https:\/\/eshop.ekoteplo.sk\/cs\/acond-nejtissi-tepelne-cerpadlo-na-slovenskem-trhu\/#breadcrumb","itemListElement":[{"@type":"ListItem","position":1,"name":"Home","item":"https:\/\/eshop.ekoteplo.sk\/cs\/"},{"@type":"ListItem","position":2,"name":"Acond nejti\u0161\u0161\u00ed tepeln\u00e9 \u010derpadlo na slovensk\u00e9m trhu"}]},{"@type":"WebSite","@id":"https:\/\/eshop.ekoteplo.sk\/cs\/#website","url":"https:\/\/eshop.ekoteplo.sk\/cs\/","name":"Eshop Ekoteplo","description":"Teplo, ktor\u00e9 \u0161etr\u00ed \u017eivotn\u00e9 prostredie aj va\u0161u pe\u0148a\u017eenku","potentialAction":[{"@type":"SearchAction","target":{"@type":"EntryPoint","urlTemplate":"https:\/\/eshop.ekoteplo.sk\/cs\/?s={search_term_string}"},"query-input":{"@type":"PropertyValueSpecification","valueRequired":true,"valueName":"search_term_string"}}],"inLanguage":"cs"},{"@type":"Person","@id":"https:\/\/eshop.ekoteplo.sk\/cs\/#\/schema\/person\/ab907d50879f03d557449ab197a38ada","name":"admin","image":{"@type":"ImageObject","inLanguage":"cs","@id":"https:\/\/secure.gravatar.com\/avatar\/65f2c3a7a003521cded3b9febc6f07578bf8c0745c7edea0b3031d0c3f0305e9?s=96&d=mm&r=g","url":"https:\/\/secure.gravatar.com\/avatar\/65f2c3a7a003521cded3b9febc6f07578bf8c0745c7edea0b3031d0c3f0305e9?s=96&d=mm&r=g","contentUrl":"https:\/\/secure.gravatar.com\/avatar\/65f2c3a7a003521cded3b9febc6f07578bf8c0745c7edea0b3031d0c3f0305e9?s=96&d=mm&r=g","caption":"admin"},"url":"https:\/\/eshop.ekoteplo.sk\/cs\/author\/admin\/"}]}},"_links":{"self":[{"href":"https:\/\/eshop.ekoteplo.sk\/cs\/wp-json\/wp\/v2\/posts\/2389","targetHints":{"allow":["GET"]}}],"collection":[{"href":"https:\/\/eshop.ekoteplo.sk\/cs\/wp-json\/wp\/v2\/posts"}],"about":[{"href":"https:\/\/eshop.ekoteplo.sk\/cs\/wp-json\/wp\/v2\/types\/post"}],"author":[{"embeddable":true,"href":"https:\/\/eshop.ekoteplo.sk\/cs\/wp-json\/wp\/v2\/users\/1"}],"replies":[{"embeddable":true,"href":"https:\/\/eshop.ekoteplo.sk\/cs\/wp-json\/wp\/v2\/comments?post=2389"}],"version-history":[{"count":0,"href":"https:\/\/eshop.ekoteplo.sk\/cs\/wp-json\/wp\/v2\/posts\/2389\/revisions"}],"wp:featuredmedia":[{"embeddable":true,"href":"https:\/\/eshop.ekoteplo.sk\/cs\/wp-json\/wp\/v2\/media\/1793"}],"wp:attachment":[{"href":"https:\/\/eshop.ekoteplo.sk\/cs\/wp-json\/wp\/v2\/media?parent=2389"}],"wp:term":[{"taxonomy":"category","embeddable":true,"href":"https:\/\/eshop.ekoteplo.sk\/cs\/wp-json\/wp\/v2\/categories?post=2389"},{"taxonomy":"post_tag","embeddable":true,"href":"https:\/\/eshop.ekoteplo.sk\/cs\/wp-json\/wp\/v2\/tags?post=2389"}],"curies":[{"name":"wp","href":"https:\/\/api.w.org\/{rel}","templated":true}]}}