{"id":2398,"date":"2021-12-21T08:30:16","date_gmt":"2021-12-21T07:30:16","guid":{"rendered":"https:\/\/eshop.ekoteplo.sk\/umisteni-tepelneho-cerpadla-a-jeho-vliv-na-hluk\/"},"modified":"2023-11-07T08:44:26","modified_gmt":"2023-11-07T07:44:26","slug":"umisteni-tepelneho-cerpadla-a-jeho-vliv-na-hluk","status":"publish","type":"post","link":"https:\/\/eshop.ekoteplo.sk\/cs\/umisteni-tepelneho-cerpadla-a-jeho-vliv-na-hluk\/","title":{"rendered":"Um\u00edst\u011bn\u00ed tepeln\u00e9ho \u010derpadla a jeho vliv na hluk"},"content":{"rendered":"\n<div class=\"row\"  id=\"row-1059973332\">\n\n\n\t<div id=\"col-1556907938\" class=\"col small-12 large-12\"  >\n\t\t\t\t<div class=\"col-inner\"  >\n\t\t\t\n\t\t\t\n\n\n\n<iframe loading=\"lazy\" width=\"870\" height=\"500\" src=\"https:\/\/www.youtube.com\/embed\/8f1D9h4QrWo\" title=\"P\u0159ehr\u00e1va\u010d vide\u00ed YouTube\" frameborder=\"0\" allow=\"accelerometer; autoplay; clipboard-write; encrypted-media; gyroscope; picture-in-picture\" allowfullscreen=\"\"><\/iframe>\n\n\n\t\t<\/div>\n\t\t\t\t\t<\/div>\n\n\t\n\n<\/div>\n<h3 class=\"uppercase\">Tepeln\u00e9 \u010derpadlo &#8211; Hluk a um\u00edst\u011bn\u00ed<\/h3>\n<p>Hlu\u010dnost tepeln\u00e9ho \u010derpadla a m\u00edsto, kam jej um\u00edst\u00edte, m\u00e1 vliv na hluk vyza\u0159ovan\u00fd do okol\u00ed.<br>Za\u010dnu srovn\u00e1vac\u00edm testem, abyste p\u0159i porovn\u00e1v\u00e1n\u00ed zachovali stejnou hodnotu.<\/p>\n<h3 class=\"uppercase\">U \u0161umu pou\u017e\u00edv\u00e1me 2 \u00fadaje:<\/h3>\n<p><strong>1.) Akustick\u00fd v\u00fdkon dB(A)<\/strong><br>a.) Tuto hodnotu najdete na energetick\u00e9m \u0161t\u00edtku tepeln\u00e9ho \u010derpadla. b.) Je to absolutn\u00ed hodnota ZDROJOV\u00c9 HLASITOSTI.<br><strong>2.) Akustick\u00fd tlak <\/strong>dB(A), je hodnota, kterou m\u011b\u0159\u00edme za ur\u010dit\u00fdch podm\u00ednek a z\u00e1vis\u00ed na vzd\u00e1lenosti od ZDROJE HLUKU.<\/p>\n<blockquote>\n<p>Akustick\u00fd v\u00fdkon bude V\u017dDY vy\u0161\u0161\u00ed ne\u017e akustick\u00fd tlak.<br>Porovnejme srovnateln\u00e9 \u00fadaje.<\/p>\n<\/blockquote>\n<h3 class=\"uppercase\">V\u00fdb\u011br m\u00edsta<\/h3>\n<p><strong>P\u0159i v\u00fdb\u011bru m\u00edsta, kam tepeln\u00e9 \u010derpadlo um\u00edst\u00edte, v\u011bnujte pozornost n\u00e1sleduj\u00edc\u00edm v\u011bcem<\/strong>: <strong><br> 1.) Hlu\u010dnost samotn\u00e9ho tepeln\u00e9ho \u010derpadla &#8211; velmi d\u016fle\u017eit\u00e1 a mo\u017en\u00e1 nejd\u016fle\u017eit\u011bj\u0161\u00ed.<\/strong><br>tvrzen\u00ed.<br>2.) Um\u00edst\u011bn\u00ed tak, abyste nesly\u0161eli tepeln\u00e9 \u010derpadlo &#8211; abyste nebyli ru\u0161eni zejm\u00e9na v noci v m\u00edstnostech, kde sp\u00edte.<br>3.) Um\u00edst\u011bn\u00ed ve vztahu k okoln\u00ed z\u00e1stavb\u011b &#8211; va\u0161im soused\u016fm. 4.) Vliv okoln\u00edch st\u011bn na samotn\u00fd hluk.<\/p>\n<h3 class=\"uppercase\">Zdroj hluku tepeln\u00e9ho \u010derpadla<\/h3>\n<p>Nab\u00edz\u00edme v\u00e1m nejti\u0161\u0161\u00ed tepeln\u00e1 \u010derpadla na trhu. Mo\u017en\u00e1 budete p\u0159ekvapeni, a\u017e uvid\u00edte jejich rozm\u011bry, jsou toti\u017e velk\u00e9. Ano, jsou v\u011bt\u0161\u00ed ne\u017e ostatn\u00ed, ale to je pr\u00e1v\u011b proto, aby se sn\u00ed\u017eil vlastn\u00ed \u0161um &#8211; aby byl <strong>ZDROJ \u0160UMU<\/strong> co nejmen\u0161\u00ed.<br>Zdrojem hluku jsou kompresor a ventil\u00e1tor venkovn\u00ed jednotky tepeln\u00e9ho \u010derpadla. Stejn\u011b jako u automobilu vyd\u00e1v\u00e1 jeho motor a rychlost j\u00edzdy hluk. \u010c\u00edm vy\u0161\u0161\u00ed je rychlost, t\u00edm v\u011bt\u0161\u00ed je aerodynamick\u00fd hluk, kter\u00fd ji\u017e nen\u00ed ovlivn\u011bn hlukem samotn\u00e9ho motoru. Stejn\u00e9 je to i s tepeln\u00fdm \u010derpadlem. Hlu\u010dnost kompresoru je ur\u010dena v\u00fdkonem 0 % a 100 % a tak\u00e9 hlukem ventil\u00e1toru. Z toho vypl\u00fdv\u00e1 velikost &#8211; pr\u016fm\u011br ventil\u00e1toru a potrub\u00ed, kter\u00fdm proud\u00ed vzduch, aby se chladivo \u010cISTILO.<\/p>\n<blockquote>\n<p>Tepeln\u00e9 \u010derpadlo je v podstat\u011b opakem klimatizace &#8211; p\u0159i vyt\u00e1p\u011bn\u00ed se chladivo venku ochlazuje a dovnit\u0159 se dost\u00e1v\u00e1 TEPLO.<\/p>\n<\/blockquote>\n<p>Proto se konstrukt\u00e9\u0159i p\u0159i konstrukci tepeln\u00e9ho \u010derpadla Acond zam\u011b\u0159ili na HLUK.<\/p>\n<h3 class=\"uppercase\">Kam um\u00edstit tepeln\u00e9 \u010derpadlo?<\/h3>\n<p>Tady je to z\u0159ejm\u00e9, neum\u00eds\u0165ujte tepeln\u00e9 \u010derpadlo hned vedle lo\u017enice nebo d\u011btsk\u00e9ho pokoje. Vyhledejte m\u00edsto, kde ho v dom\u011b usly\u0161\u00edte nejm\u00e9n\u011b.<\/p>\n<h3 class=\"uppercase\">Zohledn\u011bn\u00ed okoln\u00edch budov<\/h3>\n<p>Pod\u00edvejte se na pozemek, kde stav\u00edte d\u016fm, na okoln\u00ed z\u00e1stavbu. Sou\u010dasn\u00e9 i mo\u017en\u00e9 budouc\u00ed. Nejl\u00e9pe, kdy\u017e se pod\u00edv\u00e1te na mapu. Uv\u00e1d\u00edm konkr\u00e9tn\u00ed p\u0159\u00edklad, kter\u00fd se n\u00e1m stal.<\/p>\n<p>N\u00e1\u0161 z\u00e1kazn\u00edk si nechal vypracovat projekt pro sv\u016fj rodinn\u00fd d\u016fm se v\u0161\u00edm v\u0161udy v\u010detn\u011b projektu vyt\u00e1p\u011bn\u00ed. Oslovil \u0159adu spole\u010dnost\u00ed, kter\u00e9 se o realizaci uch\u00e1zely. Zak\u00e1zku jsme z\u00edskali. Po n\u011bjak\u00e9 dob\u011b se na n\u00e1s obr\u00e1til soused na\u0161eho z\u00e1kazn\u00edka s t\u00edm, \u017ee ho obt\u011b\u017euje hluk tepeln\u00e9ho \u010derpadla v ur\u010dit\u00fdch hodin\u00e1ch. Zde je obr\u00e1zek m\u00edsta v \u017dilin\u011b. Od domu k domu. V takov\u00fdch p\u0159\u00edpadech je opravdu d\u016fle\u017eit\u00e9, aby tepeln\u00e9 \u010derpadlo bylo co nejti\u0161\u0161\u00ed.<\/p>\n<p>&nbsp;<\/p>\n\t<div class=\"img has-hover x md-x lg-x y md-y lg-y\" id=\"image_718266205\">\n\t\t\t\t\t\t\t\t<div class=\"img-inner dark\" style=\"margin:0px 0px 50px 0px;\">\n\t\t\t<img decoding=\"async\" width=\"664\" height=\"604\" src=\"https:\/\/eshop.ekoteplo.sk\/wp-content\/uploads\/mapajpg.png\" class=\"attachment-original size-original\" alt=\"\" srcset=\"https:\/\/eshop.ekoteplo.sk\/wp-content\/uploads\/mapajpg.png 664w, https:\/\/eshop.ekoteplo.sk\/wp-content\/uploads\/mapajpg-247x225.png 247w\" sizes=\"(max-width: 664px) 100vw, 664px\" \/>\t\t\t\t\t\t\n\t\t\t\t\t<\/div>\n\t\t\t\t\t\t\t\t\n<style>\n#image_718266205 {\n  width: 100%;\n}\n<\/style>\n\t<\/div>\n\t\n\n<h3 class=\"uppercase\">VLIV OKOLN\u00cdCH ST\u011aN NA SAMOTN\u00dd HLUK<\/h3>\n<p>Okoln\u00ed st\u011bny ovliv\u0148uj\u00ed \u0161\u00ed\u0159en\u00ed hluku odrazem. Tepeln\u00e9 \u010derpadlo je nejlep\u0161\u00ed um\u00edstit tak, aby m\u011blo jednu st\u011bnu na stran\u011b s\u00e1n\u00ed. Nikdy ne na stran\u011b proud\u011bn\u00ed vzduchu. Na t\u011bchto 3 obr\u00e1zc\u00edch vid\u00edte, jak REFLEXE ovliv\u0148uje hlu\u010dnost tepeln\u00e9ho \u010derpadla.<\/p>\n\t<div class=\"img has-hover x md-x lg-x y md-y lg-y\" id=\"image_768990213\">\n\t\t\t\t\t\t\t\t<div class=\"img-inner dark\" style=\"margin:0px 0px 50px 0px;\">\n\t\t\t<img decoding=\"async\" width=\"944\" height=\"806\" src=\"https:\/\/eshop.ekoteplo.sk\/wp-content\/uploads\/hluk.png\" class=\"attachment-original size-original\" alt=\"\" srcset=\"https:\/\/eshop.ekoteplo.sk\/wp-content\/uploads\/hluk.png 944w, https:\/\/eshop.ekoteplo.sk\/wp-content\/uploads\/hluk-247x211.png 247w\" sizes=\"(max-width: 944px) 100vw, 944px\" \/>\t\t\t\t\t\t\n\t\t\t\t\t<\/div>\n\t\t\t\t\t\t\t\t\n<style>\n#image_768990213 {\n  width: 100%;\n}\n<\/style>\n\t<\/div>\n\t\n\n<h3 class=\"uppercase\">Z\u00c1V\u011aRY:<\/h3>\n<p>Tyto informace pou\u017eijte ji\u017e p\u0159i n\u00e1vrhu um\u00edst\u011bn\u00ed a v\u00fdb\u011bru tepeln\u00e9ho \u010derpadla.<br>Pro informaci uv\u00e1d\u00edme n\u00e1\u0161 vlastn\u00ed p\u0159\u00edklad, kdy m\u00e1me ve firm\u011b tepeln\u00e9 \u010derpadlo.&nbsp;<strong>Acond PRO R.<\/strong><br>Sou\u010dasn\u00fd stav vyt\u00e1p\u011bn\u00ed je 3 plynov\u00e9 kotle um\u00edst\u011bn\u00e9 v koteln\u011b, kde tak\u00e9 oh\u0159\u00edv\u00e1me teplou vodu pro na\u0161i kancel\u00e1\u0159skou budovu.<br>Chceme pou\u017e\u00edvat tepeln\u00e9 \u010derpadlo, kter\u00e9 sami nab\u00edz\u00edme, abychom mohli na vlastn\u00edm p\u0159\u00edkladu vysv\u011btlit a u\u0161et\u0159it pen\u00edze.<br>Tepeln\u00e9 \u010derpadlo nainstalujeme v lednu 2022. Tak\u017ee t\u00e9m\u011b\u0159 od za\u010d\u00e1tku roku budu moci porovn\u00e1vat n\u00e1klady na elekt\u0159inu a plyn v pen\u011b\u017en\u00edm vyj\u00e1d\u0159en\u00ed.<br>U\u017e te\u010f v\u00edm, \u017ee tepeln\u00e9 \u010derpadlo nem\u016f\u017ee celoro\u010dn\u011b vyt\u00e1p\u011bt v\u0161echny objekty, proto\u017ee v\u00fdkon kotelny je do 50 kW. Obvykle v\u0161ak m\u00e1me v provozu pouze jeden kotel. Ostatn\u00ed se p\u0159ipojuj\u00ed, kdy\u017e pot\u0159ebuj\u00ed. Budeme m\u00edt tak\u00e9 nov\u00e9 tepeln\u00e9 \u010derpadlo, kter\u00e9 bude zaji\u0161\u0165ovat vyt\u00e1p\u011bn\u00ed, a kotle budou p\u0159ipojeny, kdy\u017e bude pot\u0159eba v\u011bt\u0161\u00ed topn\u00fd v\u00fdkon.<br>Proto p\u0159i projektov\u00e1n\u00ed zohled\u0148uji m\u00edsto, kam tepeln\u00e9 \u010derpadlo um\u00edst\u00edm, aby m\u011blo co nejni\u017e\u0161\u00ed hluk vyza\u0159ovan\u00fd do okol\u00ed.<br>Tepeln\u00e9 \u010derpadlo s modrou barvou je pozice nejbl\u00ed\u017ee koteln\u011b. Ale jeho nev\u00fdhodou jsou pr\u00e1v\u011b odrazy od dal\u0161\u00edch 2 st\u011bn a nechci obt\u011b\u017eovat souseda.<br>Tepeln\u00e9 \u010derpadlo s \u010dervenou barvou je m\u00edsto, kam ho nainstalujeme, proto\u017ee hluk se bude \u0161\u00ed\u0159it do na\u0161eho prostoru, a nebude tak ru\u0161it \u017e\u00e1dn\u00e9ho souseda.<\/p>\n\t<div class=\"img has-hover x md-x lg-x y md-y lg-y\" id=\"image_1268524472\">\n\t\t\t\t\t\t\t\t<div class=\"img-inner dark\" >\n\t\t\t<img decoding=\"async\" width=\"504\" height=\"714\" src=\"https:\/\/eshop.ekoteplo.sk\/wp-content\/uploads\/schema-1.jpg\" class=\"attachment-original size-original\" alt=\"\" srcset=\"https:\/\/eshop.ekoteplo.sk\/wp-content\/uploads\/schema-1.jpg 504w, https:\/\/eshop.ekoteplo.sk\/wp-content\/uploads\/schema-1-247x350.jpg 247w\" sizes=\"(max-width: 504px) 100vw, 504px\" \/>\t\t\t\t\t\t\n\t\t\t\t\t<\/div>\n\t\t\t\t\t\t\t\t\n<style>\n#image_1268524472 {\n  width: 100%;\n}\n<\/style>\n\t<\/div>\n\t\n","protected":false},"excerpt":{"rendered":"<p>Hlu\u010dnost tepeln\u00e9ho \u010derpadla a m\u00edsto, kam jej um\u00edst\u00edte, m\u00e1 vliv na hluk vyza\u0159ovan\u00fd do okol\u00ed.<\/p>\n","protected":false},"author":1,"featured_media":1792,"comment_status":"open","ping_status":"open","sticky":false,"template":"","format":"standard","meta":{"_acf_changed":false,"footnotes":""},"categories":[63],"tags":[],"class_list":["post-2398","post","type-post","status-publish","format-standard","has-post-thumbnail","hentry","category-uncategorized-cs"],"acf":[],"yoast_head":"<!-- This site is optimized with the Yoast SEO plugin v27.3 - https:\/\/yoast.com\/product\/yoast-seo-wordpress\/ -->\n<title>Um\u00edst\u011bn\u00ed tepeln\u00e9ho \u010derpadla a jeho vliv na hluk - Eshop Ekoteplo<\/title>\n<meta name=\"robots\" content=\"index, follow, max-snippet:-1, max-image-preview:large, max-video-preview:-1\" \/>\n<link rel=\"canonical\" href=\"https:\/\/eshop.ekoteplo.sk\/cs\/umisteni-tepelneho-cerpadla-a-jeho-vliv-na-hluk\/\" \/>\n<meta property=\"og:locale\" content=\"cs_CZ\" \/>\n<meta property=\"og:type\" content=\"article\" \/>\n<meta property=\"og:title\" content=\"Um\u00edst\u011bn\u00ed tepeln\u00e9ho \u010derpadla a jeho vliv na hluk - Eshop Ekoteplo\" \/>\n<meta property=\"og:description\" content=\"Hlu\u010dnost tepeln\u00e9ho \u010derpadla a m\u00edsto, kam jej um\u00edst\u00edte, m\u00e1 vliv na hluk vyza\u0159ovan\u00fd do okol\u00ed.\" \/>\n<meta property=\"og:url\" content=\"https:\/\/eshop.ekoteplo.sk\/cs\/umisteni-tepelneho-cerpadla-a-jeho-vliv-na-hluk\/\" \/>\n<meta property=\"og:site_name\" content=\"Eshop Ekoteplo\" \/>\n<meta property=\"article:published_time\" content=\"2021-12-21T07:30:16+00:00\" \/>\n<meta property=\"article:modified_time\" content=\"2023-11-07T07:44:26+00:00\" \/>\n<meta property=\"og:image\" content=\"https:\/\/eshop.ekoteplo.sk\/wp-content\/uploads\/hluk-blog.jpg\" \/>\n\t<meta property=\"og:image:width\" content=\"1500\" \/>\n\t<meta property=\"og:image:height\" content=\"1000\" \/>\n\t<meta property=\"og:image:type\" content=\"image\/jpeg\" \/>\n<meta name=\"author\" content=\"admin\" \/>\n<meta name=\"twitter:card\" content=\"summary_large_image\" \/>\n<meta name=\"twitter:label1\" content=\"Napsal(a)\" \/>\n\t<meta name=\"twitter:data1\" content=\"admin\" \/>\n\t<meta name=\"twitter:label2\" content=\"Odhadovan\u00e1 doba \u010dten\u00ed\" \/>\n\t<meta name=\"twitter:data2\" content=\"5 minut\" \/>\n<script type=\"application\/ld+json\" class=\"yoast-schema-graph\">{\"@context\":\"https:\\\/\\\/schema.org\",\"@graph\":[{\"@type\":\"Article\",\"@id\":\"https:\\\/\\\/eshop.ekoteplo.sk\\\/cs\\\/umisteni-tepelneho-cerpadla-a-jeho-vliv-na-hluk\\\/#article\",\"isPartOf\":{\"@id\":\"https:\\\/\\\/eshop.ekoteplo.sk\\\/cs\\\/umisteni-tepelneho-cerpadla-a-jeho-vliv-na-hluk\\\/\"},\"author\":{\"name\":\"admin\",\"@id\":\"https:\\\/\\\/eshop.ekoteplo.sk\\\/cs\\\/#\\\/schema\\\/person\\\/ab907d50879f03d557449ab197a38ada\"},\"headline\":\"Um\u00edst\u011bn\u00ed tepeln\u00e9ho \u010derpadla a jeho vliv na hluk\",\"datePublished\":\"2021-12-21T07:30:16+00:00\",\"dateModified\":\"2023-11-07T07:44:26+00:00\",\"mainEntityOfPage\":{\"@id\":\"https:\\\/\\\/eshop.ekoteplo.sk\\\/cs\\\/umisteni-tepelneho-cerpadla-a-jeho-vliv-na-hluk\\\/\"},\"wordCount\":950,\"commentCount\":0,\"image\":{\"@id\":\"https:\\\/\\\/eshop.ekoteplo.sk\\\/cs\\\/umisteni-tepelneho-cerpadla-a-jeho-vliv-na-hluk\\\/#primaryimage\"},\"thumbnailUrl\":\"https:\\\/\\\/eshop.ekoteplo.sk\\\/wp-content\\\/uploads\\\/hluk-blog.jpg\",\"articleSection\":[\"Uncategorized @cs\"],\"inLanguage\":\"cs\",\"potentialAction\":[{\"@type\":\"CommentAction\",\"name\":\"Comment\",\"target\":[\"https:\\\/\\\/eshop.ekoteplo.sk\\\/cs\\\/umisteni-tepelneho-cerpadla-a-jeho-vliv-na-hluk\\\/#respond\"]}]},{\"@type\":\"WebPage\",\"@id\":\"https:\\\/\\\/eshop.ekoteplo.sk\\\/cs\\\/umisteni-tepelneho-cerpadla-a-jeho-vliv-na-hluk\\\/\",\"url\":\"https:\\\/\\\/eshop.ekoteplo.sk\\\/cs\\\/umisteni-tepelneho-cerpadla-a-jeho-vliv-na-hluk\\\/\",\"name\":\"Um\u00edst\u011bn\u00ed tepeln\u00e9ho \u010derpadla a jeho vliv na hluk - Eshop Ekoteplo\",\"isPartOf\":{\"@id\":\"https:\\\/\\\/eshop.ekoteplo.sk\\\/cs\\\/#website\"},\"primaryImageOfPage\":{\"@id\":\"https:\\\/\\\/eshop.ekoteplo.sk\\\/cs\\\/umisteni-tepelneho-cerpadla-a-jeho-vliv-na-hluk\\\/#primaryimage\"},\"image\":{\"@id\":\"https:\\\/\\\/eshop.ekoteplo.sk\\\/cs\\\/umisteni-tepelneho-cerpadla-a-jeho-vliv-na-hluk\\\/#primaryimage\"},\"thumbnailUrl\":\"https:\\\/\\\/eshop.ekoteplo.sk\\\/wp-content\\\/uploads\\\/hluk-blog.jpg\",\"datePublished\":\"2021-12-21T07:30:16+00:00\",\"dateModified\":\"2023-11-07T07:44:26+00:00\",\"author\":{\"@id\":\"https:\\\/\\\/eshop.ekoteplo.sk\\\/cs\\\/#\\\/schema\\\/person\\\/ab907d50879f03d557449ab197a38ada\"},\"breadcrumb\":{\"@id\":\"https:\\\/\\\/eshop.ekoteplo.sk\\\/cs\\\/umisteni-tepelneho-cerpadla-a-jeho-vliv-na-hluk\\\/#breadcrumb\"},\"inLanguage\":\"cs\",\"potentialAction\":[{\"@type\":\"ReadAction\",\"target\":[\"https:\\\/\\\/eshop.ekoteplo.sk\\\/cs\\\/umisteni-tepelneho-cerpadla-a-jeho-vliv-na-hluk\\\/\"]}]},{\"@type\":\"ImageObject\",\"inLanguage\":\"cs\",\"@id\":\"https:\\\/\\\/eshop.ekoteplo.sk\\\/cs\\\/umisteni-tepelneho-cerpadla-a-jeho-vliv-na-hluk\\\/#primaryimage\",\"url\":\"https:\\\/\\\/eshop.ekoteplo.sk\\\/wp-content\\\/uploads\\\/hluk-blog.jpg\",\"contentUrl\":\"https:\\\/\\\/eshop.ekoteplo.sk\\\/wp-content\\\/uploads\\\/hluk-blog.jpg\",\"width\":1500,\"height\":1000},{\"@type\":\"BreadcrumbList\",\"@id\":\"https:\\\/\\\/eshop.ekoteplo.sk\\\/cs\\\/umisteni-tepelneho-cerpadla-a-jeho-vliv-na-hluk\\\/#breadcrumb\",\"itemListElement\":[{\"@type\":\"ListItem\",\"position\":1,\"name\":\"Home\",\"item\":\"https:\\\/\\\/eshop.ekoteplo.sk\\\/cs\\\/\"},{\"@type\":\"ListItem\",\"position\":2,\"name\":\"Um\u00edst\u011bn\u00ed tepeln\u00e9ho \u010derpadla a jeho vliv na hluk\"}]},{\"@type\":\"WebSite\",\"@id\":\"https:\\\/\\\/eshop.ekoteplo.sk\\\/cs\\\/#website\",\"url\":\"https:\\\/\\\/eshop.ekoteplo.sk\\\/cs\\\/\",\"name\":\"Eshop Ekoteplo\",\"description\":\"Teplo, ktor\u00e9 \u0161etr\u00ed \u017eivotn\u00e9 prostredie aj va\u0161u pe\u0148a\u017eenku\",\"potentialAction\":[{\"@type\":\"SearchAction\",\"target\":{\"@type\":\"EntryPoint\",\"urlTemplate\":\"https:\\\/\\\/eshop.ekoteplo.sk\\\/cs\\\/?s={search_term_string}\"},\"query-input\":{\"@type\":\"PropertyValueSpecification\",\"valueRequired\":true,\"valueName\":\"search_term_string\"}}],\"inLanguage\":\"cs\"},{\"@type\":\"Person\",\"@id\":\"https:\\\/\\\/eshop.ekoteplo.sk\\\/cs\\\/#\\\/schema\\\/person\\\/ab907d50879f03d557449ab197a38ada\",\"name\":\"admin\",\"image\":{\"@type\":\"ImageObject\",\"inLanguage\":\"cs\",\"@id\":\"https:\\\/\\\/secure.gravatar.com\\\/avatar\\\/65f2c3a7a003521cded3b9febc6f07578bf8c0745c7edea0b3031d0c3f0305e9?s=96&d=mm&r=g\",\"url\":\"https:\\\/\\\/secure.gravatar.com\\\/avatar\\\/65f2c3a7a003521cded3b9febc6f07578bf8c0745c7edea0b3031d0c3f0305e9?s=96&d=mm&r=g\",\"contentUrl\":\"https:\\\/\\\/secure.gravatar.com\\\/avatar\\\/65f2c3a7a003521cded3b9febc6f07578bf8c0745c7edea0b3031d0c3f0305e9?s=96&d=mm&r=g\",\"caption\":\"admin\"},\"url\":\"https:\\\/\\\/eshop.ekoteplo.sk\\\/cs\\\/author\\\/admin\\\/\"}]}<\/script>\n<!-- \/ Yoast SEO plugin. -->","yoast_head_json":{"title":"Um\u00edst\u011bn\u00ed tepeln\u00e9ho \u010derpadla a jeho vliv na hluk - Eshop Ekoteplo","robots":{"index":"index","follow":"follow","max-snippet":"max-snippet:-1","max-image-preview":"max-image-preview:large","max-video-preview":"max-video-preview:-1"},"canonical":"https:\/\/eshop.ekoteplo.sk\/cs\/umisteni-tepelneho-cerpadla-a-jeho-vliv-na-hluk\/","og_locale":"cs_CZ","og_type":"article","og_title":"Um\u00edst\u011bn\u00ed tepeln\u00e9ho \u010derpadla a jeho vliv na hluk - Eshop Ekoteplo","og_description":"Hlu\u010dnost tepeln\u00e9ho \u010derpadla a m\u00edsto, kam jej um\u00edst\u00edte, m\u00e1 vliv na hluk vyza\u0159ovan\u00fd do okol\u00ed.","og_url":"https:\/\/eshop.ekoteplo.sk\/cs\/umisteni-tepelneho-cerpadla-a-jeho-vliv-na-hluk\/","og_site_name":"Eshop Ekoteplo","article_published_time":"2021-12-21T07:30:16+00:00","article_modified_time":"2023-11-07T07:44:26+00:00","og_image":[{"width":1500,"height":1000,"url":"https:\/\/eshop.ekoteplo.sk\/wp-content\/uploads\/hluk-blog.jpg","type":"image\/jpeg"}],"author":"admin","twitter_card":"summary_large_image","twitter_misc":{"Napsal(a)":"admin","Odhadovan\u00e1 doba \u010dten\u00ed":"5 minut"},"schema":{"@context":"https:\/\/schema.org","@graph":[{"@type":"Article","@id":"https:\/\/eshop.ekoteplo.sk\/cs\/umisteni-tepelneho-cerpadla-a-jeho-vliv-na-hluk\/#article","isPartOf":{"@id":"https:\/\/eshop.ekoteplo.sk\/cs\/umisteni-tepelneho-cerpadla-a-jeho-vliv-na-hluk\/"},"author":{"name":"admin","@id":"https:\/\/eshop.ekoteplo.sk\/cs\/#\/schema\/person\/ab907d50879f03d557449ab197a38ada"},"headline":"Um\u00edst\u011bn\u00ed tepeln\u00e9ho \u010derpadla a jeho vliv na hluk","datePublished":"2021-12-21T07:30:16+00:00","dateModified":"2023-11-07T07:44:26+00:00","mainEntityOfPage":{"@id":"https:\/\/eshop.ekoteplo.sk\/cs\/umisteni-tepelneho-cerpadla-a-jeho-vliv-na-hluk\/"},"wordCount":950,"commentCount":0,"image":{"@id":"https:\/\/eshop.ekoteplo.sk\/cs\/umisteni-tepelneho-cerpadla-a-jeho-vliv-na-hluk\/#primaryimage"},"thumbnailUrl":"https:\/\/eshop.ekoteplo.sk\/wp-content\/uploads\/hluk-blog.jpg","articleSection":["Uncategorized @cs"],"inLanguage":"cs","potentialAction":[{"@type":"CommentAction","name":"Comment","target":["https:\/\/eshop.ekoteplo.sk\/cs\/umisteni-tepelneho-cerpadla-a-jeho-vliv-na-hluk\/#respond"]}]},{"@type":"WebPage","@id":"https:\/\/eshop.ekoteplo.sk\/cs\/umisteni-tepelneho-cerpadla-a-jeho-vliv-na-hluk\/","url":"https:\/\/eshop.ekoteplo.sk\/cs\/umisteni-tepelneho-cerpadla-a-jeho-vliv-na-hluk\/","name":"Um\u00edst\u011bn\u00ed tepeln\u00e9ho \u010derpadla a jeho vliv na hluk - Eshop Ekoteplo","isPartOf":{"@id":"https:\/\/eshop.ekoteplo.sk\/cs\/#website"},"primaryImageOfPage":{"@id":"https:\/\/eshop.ekoteplo.sk\/cs\/umisteni-tepelneho-cerpadla-a-jeho-vliv-na-hluk\/#primaryimage"},"image":{"@id":"https:\/\/eshop.ekoteplo.sk\/cs\/umisteni-tepelneho-cerpadla-a-jeho-vliv-na-hluk\/#primaryimage"},"thumbnailUrl":"https:\/\/eshop.ekoteplo.sk\/wp-content\/uploads\/hluk-blog.jpg","datePublished":"2021-12-21T07:30:16+00:00","dateModified":"2023-11-07T07:44:26+00:00","author":{"@id":"https:\/\/eshop.ekoteplo.sk\/cs\/#\/schema\/person\/ab907d50879f03d557449ab197a38ada"},"breadcrumb":{"@id":"https:\/\/eshop.ekoteplo.sk\/cs\/umisteni-tepelneho-cerpadla-a-jeho-vliv-na-hluk\/#breadcrumb"},"inLanguage":"cs","potentialAction":[{"@type":"ReadAction","target":["https:\/\/eshop.ekoteplo.sk\/cs\/umisteni-tepelneho-cerpadla-a-jeho-vliv-na-hluk\/"]}]},{"@type":"ImageObject","inLanguage":"cs","@id":"https:\/\/eshop.ekoteplo.sk\/cs\/umisteni-tepelneho-cerpadla-a-jeho-vliv-na-hluk\/#primaryimage","url":"https:\/\/eshop.ekoteplo.sk\/wp-content\/uploads\/hluk-blog.jpg","contentUrl":"https:\/\/eshop.ekoteplo.sk\/wp-content\/uploads\/hluk-blog.jpg","width":1500,"height":1000},{"@type":"BreadcrumbList","@id":"https:\/\/eshop.ekoteplo.sk\/cs\/umisteni-tepelneho-cerpadla-a-jeho-vliv-na-hluk\/#breadcrumb","itemListElement":[{"@type":"ListItem","position":1,"name":"Home","item":"https:\/\/eshop.ekoteplo.sk\/cs\/"},{"@type":"ListItem","position":2,"name":"Um\u00edst\u011bn\u00ed tepeln\u00e9ho \u010derpadla a jeho vliv na hluk"}]},{"@type":"WebSite","@id":"https:\/\/eshop.ekoteplo.sk\/cs\/#website","url":"https:\/\/eshop.ekoteplo.sk\/cs\/","name":"Eshop Ekoteplo","description":"Teplo, ktor\u00e9 \u0161etr\u00ed \u017eivotn\u00e9 prostredie aj va\u0161u pe\u0148a\u017eenku","potentialAction":[{"@type":"SearchAction","target":{"@type":"EntryPoint","urlTemplate":"https:\/\/eshop.ekoteplo.sk\/cs\/?s={search_term_string}"},"query-input":{"@type":"PropertyValueSpecification","valueRequired":true,"valueName":"search_term_string"}}],"inLanguage":"cs"},{"@type":"Person","@id":"https:\/\/eshop.ekoteplo.sk\/cs\/#\/schema\/person\/ab907d50879f03d557449ab197a38ada","name":"admin","image":{"@type":"ImageObject","inLanguage":"cs","@id":"https:\/\/secure.gravatar.com\/avatar\/65f2c3a7a003521cded3b9febc6f07578bf8c0745c7edea0b3031d0c3f0305e9?s=96&d=mm&r=g","url":"https:\/\/secure.gravatar.com\/avatar\/65f2c3a7a003521cded3b9febc6f07578bf8c0745c7edea0b3031d0c3f0305e9?s=96&d=mm&r=g","contentUrl":"https:\/\/secure.gravatar.com\/avatar\/65f2c3a7a003521cded3b9febc6f07578bf8c0745c7edea0b3031d0c3f0305e9?s=96&d=mm&r=g","caption":"admin"},"url":"https:\/\/eshop.ekoteplo.sk\/cs\/author\/admin\/"}]}},"_links":{"self":[{"href":"https:\/\/eshop.ekoteplo.sk\/cs\/wp-json\/wp\/v2\/posts\/2398","targetHints":{"allow":["GET"]}}],"collection":[{"href":"https:\/\/eshop.ekoteplo.sk\/cs\/wp-json\/wp\/v2\/posts"}],"about":[{"href":"https:\/\/eshop.ekoteplo.sk\/cs\/wp-json\/wp\/v2\/types\/post"}],"author":[{"embeddable":true,"href":"https:\/\/eshop.ekoteplo.sk\/cs\/wp-json\/wp\/v2\/users\/1"}],"replies":[{"embeddable":true,"href":"https:\/\/eshop.ekoteplo.sk\/cs\/wp-json\/wp\/v2\/comments?post=2398"}],"version-history":[{"count":0,"href":"https:\/\/eshop.ekoteplo.sk\/cs\/wp-json\/wp\/v2\/posts\/2398\/revisions"}],"wp:featuredmedia":[{"embeddable":true,"href":"https:\/\/eshop.ekoteplo.sk\/cs\/wp-json\/wp\/v2\/media\/1792"}],"wp:attachment":[{"href":"https:\/\/eshop.ekoteplo.sk\/cs\/wp-json\/wp\/v2\/media?parent=2398"}],"wp:term":[{"taxonomy":"category","embeddable":true,"href":"https:\/\/eshop.ekoteplo.sk\/cs\/wp-json\/wp\/v2\/categories?post=2398"},{"taxonomy":"post_tag","embeddable":true,"href":"https:\/\/eshop.ekoteplo.sk\/cs\/wp-json\/wp\/v2\/tags?post=2398"}],"curies":[{"name":"wp","href":"https:\/\/api.w.org\/{rel}","templated":true}]}}